{"id":4995,"date":"2025-01-15T09:29:07","date_gmt":"2025-01-15T08:29:07","guid":{"rendered":"https:\/\/www.intal.be\/?p=4995"},"modified":"2025-01-15T09:31:32","modified_gmt":"2025-01-15T08:31:32","slug":"open-letter-defend-the-defenders-2024","status":"publish","type":"post","link":"https:\/\/www.intal.be\/nl\/open-letter-defend-the-defenders-2024\/","title":{"rendered":"Open Letter : Defend the Defenders 2024"},"content":{"rendered":"<p class=\"qtranxs-available-languages-message qtranxs-available-languages-message-nl\">Onze verontschuldigingen, dit bericht is alleen beschikbaar in <a href=\"https:\/\/www.intal.be\/fr\/wp-json\/wp\/v2\/posts\/4995\" class=\"qtranxs-available-language-link qtranxs-available-language-link-fr\" title=\"Fr\">Frans<\/a>.<\/p><p>La situation en Palestine demeure sans pr\u00e9c\u00e9dent, avec le g\u00e9nocide en cours visant les 2,3 millions de Palestinien\u00b7ne\u00b7s de Gaza et les violations syst\u00e9matiques des droits fondamentaux en Cisjordanie, \u00e0 J\u00e9rusalem-Est et dans les territoires de 1948. Cette destruction intentionnelle de la vie palestinienne a suscit\u00e9 une solidarit\u00e9 mondiale, rassemblant des personnes du monde entier en soutien \u00e0 leur lutte pour la justice et la lib\u00e9ration.<\/p>\n<p>&nbsp;<\/p>\n<p>Defend the Defenders\u00a0est une coalition compos\u00e9e de syndicats, d\u2019organisations de masse et d\u2019ONG. Chaque ann\u00e9e, le 10 d\u00e9cembre, \u00e0 l\u2019occasion de la Journ\u00e9e internationale des droits humains, elle met en lumi\u00e8re les pers\u00e9cutions et oppressions subies par les syndicats, les travailleur\u00b7euse\u00b7s, les militant\u00b7e\u00b7s et les mouvements sociaux. Cette ann\u00e9e, la coalition attire l\u2019attention sur la r\u00e9pression croissante du mouvement de solidarit\u00e9 avec la Palestine \u00e0 travers le monde.<\/p>\n<p>&nbsp;<\/p>\n<p><strong>R\u00e9pression des mouvements sociaux \u00e0 l\u2019\u00e9chelle mondiale<\/strong><\/p>\n<p>De mani\u00e8re g\u00e9n\u00e9rale, les mouvements sociaux font face \u00e0 une vague de r\u00e9pression alarmante dans le monde entier. La mont\u00e9e de l&#8217;extr\u00eame droite s&#8217;accompagne d&#8217;une offensive d\u00e9lib\u00e9r\u00e9e contre les mouvements sociaux et les acteur\u00b7ice\u00b7s de la soci\u00e9t\u00e9 civile. En Belgique, cette tendance est manifeste dans les attaques contre les droits syndicaux. La supernote de la coalition Arizona d\u00e9taille des mesures l\u00e9gislatives destin\u00e9es \u00e0 \u00e9touffer la contestation et \u00e0 limiter les droits des travailleur\u00b7euse\u00b7s. Parmi les propositions, on trouve l\u2019octroi d\u2019un statut juridique aux syndicats accompagn\u00e9 d\u2019une obligation de transparence financi\u00e8re, ce qui permettrait un contr\u00f4le accru de l\u2019\u00c9tat et des entreprises sur leurs activit\u00e9s, portant atteinte \u00e0 leur ind\u00e9pendance. En f\u00e9vrier 2024, une nouvelle loi criminalisant les critiques envers l\u2019\u00c9tat belge a \u00e9t\u00e9 adopt\u00e9e, restreignant encore davantage la libert\u00e9 d\u2019expression et de manifestation.<\/p>\n<p>&nbsp;<\/p>\n<p><strong>R\u00e9pression du mouvement de solidarit\u00e9 avec la Palestine<\/strong><\/p>\n<p>En Europe, la r\u00e9pression des mouvements sociaux s\u2019intensifie, et la solidarit\u00e9 avec la Palestine est particuli\u00e8rement vis\u00e9e. Les militant\u00b7e\u00b7s subissent des violences polici\u00e8res, des attaques juridiques et la p\u00e9nalisation, nottament contre des campagnes comme le Boycott, D\u00e9sinvestissement et Sanctions (BDS).<\/p>\n<p>En Belgique, le mouvement \u00e9tudiant en faveur de la Palestine est de plus en plus r\u00e9prim\u00e9, avec des mesures de surveillance et des sanctions disciplinaires contre celles et ceux qui soutiennent les droits des Palestiniens ou appellent leurs universit\u00e9s \u00e0 appliquer le droit international via un boycott acad\u00e9mique d\u2019Isra\u00ebl. Plus de 90 personnes ont \u00e9t\u00e9 cibl\u00e9es par les forces de l\u2019ordre, soup\u00e7onn\u00e9es d\u2019appartenir \u00e0 un groupe pronant la s\u00e9gr\u00e9gation et la discrimination raciale. Nombre d\u2019entre elles risquent d\u2019\u00eatre expuls\u00e9 de leur universit\u00e9 et des cons\u00e9quences juridiques s\u00e9v\u00e8res.<\/p>\n<p>En France, les travailleur\u00b7euse\u00b7s et militant\u00b7e\u00b7s solidaires de la Palestine subissent une r\u00e9pression particuli\u00e8rement dure. Cette ann\u00e9e, des centaines de personnes ont \u00e9t\u00e9 accus\u00e9es d\u2019\u00ab apologie du terrorisme \u00bb pour avoir exprim\u00e9 leur solidarit\u00e9 avec la Palestine ou critiqu\u00e9 Isra\u00ebl. Jean-Paul Delescaut, secr\u00e9taire g\u00e9n\u00e9ral de la CGT-Nord, a par exemple \u00e9t\u00e9 condamn\u00e9 \u00e0 un an de prison avec sursis pour \u00ab apologie du terrorisme \u00bb apr\u00e8s la publication d\u2019un tract d\u00e9non\u00e7ant les attaques isra\u00e9liennes sur Gaza.<\/p>\n<p>Aux Philippines aussi les droits humains sont gravement menac\u00e9s. En un an 89 assassinats, 13 disparitions et 207 arrestations ill\u00e9gales ont \u00e9t\u00e9 recens\u00e9s, avec environ 799 prisonnier\u00b7e\u00b7s politiques actuellement d\u00e9tenu\u00b7e\u00b7s. Malgr\u00e9 ces conditions r\u00e9pressives, les activistes philippin\u00b7e\u00b7s continuent de d\u00e9fendre les droits syndicaux et humains avec courage.<\/p>\n<p>Les acteur\u00b7ice\u00b7s de la soci\u00e9t\u00e9 civile palestinienne, y compris les syndicats, les militant\u00b7e\u00b7s et autres organisations, sont syst\u00e9matiquement pris pour cible par l\u2019occupation isra\u00e9lienne. Depuis octobre 2023, des milliers de travailleur\u00b7euse\u00b7s palestinien\u00b7ne\u00b7s de Gaza ont \u00e9t\u00e9 expuls\u00e9\u00b7e\u00b7s ; certain\u00b7e\u00b7s ont \u00e9t\u00e9 arr\u00eat\u00e9\u00b7e\u00b7s, d&#8217;autres tu\u00e9\u00b7e\u00b7s, et beaucoup sont toujours port\u00e9\u00b7e\u00b7s disparus. En Cisjordanie, les chauffeur\u00b7euse\u00b7s de transport sont en premi\u00e8re ligne des confrontations avec l\u2019occupation, subissant quotidiennement arrestations et mauvais traitements. La F\u00e9d\u00e9ration g\u00e9n\u00e9rale des syndicats palestiniens (PGFTU) joue un r\u00f4le essentiel dans la d\u00e9fense des droits des travailleur\u00b7euse\u00b7s pour un travail d\u00e9cent et dans le suivi des probl\u00e8mes urgents auquels ils et elles font face.<\/p>\n<p>Par ailleurs, six organisations majeures de la soci\u00e9t\u00e9 civile palestinienne ont \u00e9t\u00e9 d\u00e9sign\u00e9es comme \u00ab organisations terroristes \u00bb par le r\u00e9gime isra\u00e9lien, sans aucune preuve, dans le but de paralyser leur action. Parmi elles figure l\u2019Union des Comit\u00e9s de Travail Agricole (UAWC), qui d\u00e9fend les droits des agriculteur\u00b7ice\u00b7s palestinien\u00b7ne\u00b7s. Pendant la saison des r\u00e9coltes d\u2019olives, les tensions entre les agriculteur\u00b7ice\u00b7s palestinien\u00b7ne\u00b7s et les colons isra\u00e9liens s\u2019intensifient, ces derniers cherchant \u00e0 les intimider, voler leurs r\u00e9coltes et les agresser physiquement. En criminalisant ces six organisations repr\u00e9sentant les principaux secteurs de la vie palestinienne, les harc\u00e8lements contre les d\u00e9fenseur\u00b7euse\u00b7s des droits humains s\u2019aggravent\u00a0 et la place de la soci\u00e9t\u00e9 civile palestinienne diminue encore.<\/p>\n<p>&nbsp;<\/p>\n<p><strong>Impact de la r\u00e9pression<\/strong><\/p>\n<p>La r\u00e9pression des mouvements sociaux et syndicaux a des cons\u00e9quences profondes, bien au-del\u00e0 de la suppression imm\u00e9diate de la dissidence. Elle sape le r\u00f4le de la soci\u00e9t\u00e9 civile et menace la protection des droits fondamentaux. En ciblant les militant\u00b7e\u00b7s, les travailleur\u00b7euse\u00b7s et les syndicats, l\u2019\u00c9tat r\u00e9duit au silence des voix essentielles et affaiblit les fondements m\u00eames de la d\u00e9mocratie. Une d\u00e9mocratie saine repose sur la participation active des citoyen\u00b7ne\u00b7s, la protection des libert\u00e9s fondamentales et la capacit\u00e9 \u00e0 remettre en question les syst\u00e8mes de pouvoir. Lorsque les mouvements sociaux et syndicaux sont r\u00e9prim\u00e9s, ces \u00e9l\u00e9ments essentiels s\u2019\u00e9rodent, laissant la soci\u00e9t\u00e9 vuln\u00e9rable \u00e0 l\u2019autoritarisme.<\/p>\n<p>La r\u00e9gression sociale, illustr\u00e9e par les mesures propos\u00e9es par la coalition Arizona \u2013 affaiblissement des droits syndicaux, limitation des libert\u00e9s civiles et suppression de la libert\u00e9 d\u2019expression \u2013 est intrins\u00e8quement li\u00e9e \u00e0 l\u2019intensification de la r\u00e9pression.<\/p>\n<p>&nbsp;<\/p>\n<p><strong>Conclusion<\/strong><\/p>\n<p>La coalition\u00a0Defend the Defenders rappelle qu\u2019une d\u00e9mocratie saine va de pair avec le respect du droit international. En r\u00e9primant les militant\u00b7e\u00b7s et syndicalistes qui expriment, conform\u00e9ment au droit international, \u00a0une solidarit\u00e9 internationale avec les peuples de Palestine et d\u2019ailleurs, les gouvernements occidentaux fragilisent l\u2019exercice de la d\u00e9mocratie.<\/p>\n<p>Signataires:<\/p>\n<p>ACV PULS<br \/>\nWorkers for Palestine<\/p>\n<p>Bisan<br \/>\nViva Salud<br \/>\nCentrale G\u00e9n\u00e9rale FGTB<br \/>\nSolidagro<br \/>\nFGTB-JEUNES<br \/>\nWSM<br \/>\nBeitna<br \/>\nBDS Bxl<br \/>\nPalestina Solidariteit<br \/>\nLabo VZW<br \/>\nLeuvense Vredesbeweging<br \/>\nABP<br \/>\nHandala association for culture and developpement<br \/>\nProgress Lawyers Netwerk<br \/>\nSoutien Belge Outre-fronti\u00e8res &#8211; SB Overseas<br \/>\nHart Boven Hard<br \/>\nBelgische Coalitie Stop (verarmde) Uranium Wapens<br \/>\nSolsoc<br \/>\nComit\u00e9 Solidair met Guatemala<br \/>\nintal<\/p>","protected":false},"excerpt":{"rendered":"<p class=\"qtranxs-available-languages-message qtranxs-available-languages-message-nl\">Onze verontschuldigingen, dit bericht is alleen beschikbaar in <a href=\"https:\/\/www.intal.be\/fr\/wp-json\/wp\/v2\/posts\/4995\" class=\"qtranxs-available-language-link qtranxs-available-language-link-fr\" title=\"Fr\">Frans<\/a>.<\/p>\n<p>La coalition\u00a0Defend the Defenders rappelle qu\u2019une d\u00e9mocratie saine va de pair avec le respect du droit international. En r\u00e9primant les militant\u00b7e\u00b7s et syndicalistes qui expriment, conform\u00e9ment au droit international, \u00a0une solidarit\u00e9 internationale avec les peuples de Palestine et d\u2019ailleurs, les gouvernements occidentaux fragilisent l\u2019exercice de la d\u00e9mocratie.<\/p>\n","protected":false},"author":28,"featured_media":4996,"comment_status":"closed","ping_status":"open","sticky":false,"template":"","format":"standard","meta":[],"categories":[33],"tags":[],"campagnes":[],"_links":{"self":[{"href":"https:\/\/www.intal.be\/nl\/wp-json\/wp\/v2\/posts\/4995"}],"collection":[{"href":"https:\/\/www.intal.be\/nl\/wp-json\/wp\/v2\/posts"}],"about":[{"href":"https:\/\/www.intal.be\/nl\/wp-json\/wp\/v2\/types\/post"}],"author":[{"embeddable":true,"href":"https:\/\/www.intal.be\/nl\/wp-json\/wp\/v2\/users\/28"}],"replies":[{"embeddable":true,"href":"https:\/\/www.intal.be\/nl\/wp-json\/wp\/v2\/comments?post=4995"}],"version-history":[{"count":2,"href":"https:\/\/www.intal.be\/nl\/wp-json\/wp\/v2\/posts\/4995\/revisions"}],"predecessor-version":[{"id":4998,"href":"https:\/\/www.intal.be\/nl\/wp-json\/wp\/v2\/posts\/4995\/revisions\/4998"}],"wp:featuredmedia":[{"embeddable":true,"href":"https:\/\/www.intal.be\/nl\/wp-json\/wp\/v2\/media\/4996"}],"wp:attachment":[{"href":"https:\/\/www.intal.be\/nl\/wp-json\/wp\/v2\/media?parent=4995"}],"wp:term":[{"taxonomy":"category","embeddable":true,"href":"https:\/\/www.intal.be\/nl\/wp-json\/wp\/v2\/categories?post=4995"},{"taxonomy":"post_tag","embeddable":true,"href":"https:\/\/www.intal.be\/nl\/wp-json\/wp\/v2\/tags?post=4995"},{"taxonomy":"campagnes","embeddable":true,"href":"https:\/\/www.intal.be\/nl\/wp-json\/wp\/v2\/campagnes?post=4995"}],"curies":[{"name":"wp","href":"https:\/\/api.w.org\/{rel}","templated":true}]}}