{"id":4669,"date":"2024-02-05T16:51:38","date_gmt":"2024-02-05T15:51:38","guid":{"rendered":"https:\/\/www.intal.be\/?p=4669"},"modified":"2024-05-28T16:18:41","modified_gmt":"2024-05-28T14:18:41","slug":"appel-aux-parlements-federal-et-regionaux-pour-quils-appliquent-un-embargo-militaire-en-belgique","status":"publish","type":"post","link":"https:\/\/www.intal.be\/nl\/appel-aux-parlements-federal-et-regionaux-pour-quils-appliquent-un-embargo-militaire-en-belgique\/","title":{"rendered":"PETITIE: Stop de wapenhandel met Isra\u00ebl!"},"content":{"rendered":"<p><\/p>\n<p class=\"Standaard\"><span lang=\"NL-BE\">\n<div class=\"wpcf7 no-js\" id=\"wpcf7-f4671-o2\" lang=\"fr-FR\" dir=\"ltr\">\n<div class=\"screen-reader-response\"><p role=\"status\" aria-live=\"polite\" aria-atomic=\"true\"><\/p> <ul><\/ul><\/div>\n<form action=\"\/nl\/wp-json\/wp\/v2\/posts\/4669#wpcf7-f4671-o2\" method=\"post\" class=\"wpcf7-form init\" aria-label=\"Formulaire de contact\" novalidate=\"novalidate\" data-status=\"init\">\n<div style=\"display: none;\">\n<input type=\"hidden\" name=\"_wpcf7\" value=\"4671\" \/>\n<input type=\"hidden\" name=\"_wpcf7_version\" value=\"5.7.7\" \/>\n<input type=\"hidden\" name=\"_wpcf7_locale\" value=\"fr_FR\" \/>\n<input type=\"hidden\" name=\"_wpcf7_unit_tag\" value=\"wpcf7-f4671-o2\" \/>\n<input type=\"hidden\" name=\"_wpcf7_container_post\" value=\"0\" \/>\n<input type=\"hidden\" name=\"_wpcf7_posted_data_hash\" value=\"\" \/>\n<\/div>\n<p><span class=\"wpcf7-form-control-wrap\" data-name=\"Naam\"><input size=\"40\" class=\"wpcf7-form-control wpcf7-text wpcf7-validates-as-required\" aria-required=\"true\" aria-invalid=\"false\" placeholder=\"Naam\" value=\"\" type=\"text\" name=\"Naam\" \/><\/span>\n<\/p>\n<p><span class=\"wpcf7-form-control-wrap\" data-name=\"Voornaam\"><input size=\"40\" class=\"wpcf7-form-control wpcf7-text wpcf7-validates-as-required\" aria-required=\"true\" aria-invalid=\"false\" placeholder=\"Voornaam\" value=\"\" type=\"text\" name=\"Voornaam\" \/><\/span>\n<\/p>\n<p><span class=\"wpcf7-form-control-wrap\" data-name=\"email-563\"><input size=\"40\" class=\"wpcf7-form-control wpcf7-text wpcf7-email wpcf7-validates-as-required wpcf7-validates-as-email\" aria-required=\"true\" aria-invalid=\"false\" placeholder=\"Email\" value=\"\" type=\"email\" name=\"email-563\" \/><\/span>\n<\/p>\n<p><span class=\"wpcf7-form-control-wrap\" data-name=\"Newsletter\"><select class=\"wpcf7-form-control wpcf7-select\" id=\"Newsletter\" aria-invalid=\"false\" name=\"Newsletter\"><option value=\"Ja, ik teken deze petitie\">Ja, ik teken deze petitie<\/option><option value=\"Neen bedankt, ik teken deze petitie liever niet\">Neen bedankt, ik teken deze petitie liever niet<\/option><\/select><\/span>\n<\/p>\n<p><span class=\"wpcf7-form-control-wrap\" data-name=\"Membre\"><select class=\"wpcf7-form-control wpcf7-select\" id=\"Membre\" aria-invalid=\"false\" name=\"Membre\"><option value=\"Ik wil graag meehelpen petities ophalen. Contacteer mij!\">Ik wil graag meehelpen petities ophalen. Contacteer mij!<\/option><option value=\"Neen\">Neen<\/option><\/select><\/span>\n<\/p>\n<p><span class=\"wpcf7-form-control-wrap\" data-name=\"Membre\"><select class=\"wpcf7-form-control wpcf7-select\" id=\"Membre\" aria-invalid=\"false\" name=\"Membre\"><option value=\"Ja, ik wil gratis lid worden van intal\">Ja, ik wil gratis lid worden van intal<\/option><option value=\"Nee, ik wil niet worden\">Nee, ik wil niet worden<\/option><\/select><\/span>\n<\/p>\n<p><input class=\"wpcf7-form-control has-spinner wpcf7-submit\" type=\"submit\" value=\"Stuur\" \/>\n<\/p><div class=\"wpcf7-response-output\" aria-hidden=\"true\"><\/div>\n<\/form>\n<\/div>\n<\/span><\/p>\n<p>Teken en deel : https:\/\/tinyurl.com\/militair-embargo<\/p>\n<p><strong>3 op vier Belgen wil een militair embargo tegen Isra\u00ebl, maar onze regering doet niets. Tijd voor actie, in plaats van mooie woorden. Teken onze petitie!<\/strong><\/p>\n<p>Driekwart van de Belgische bevolking wil dat er een einde komt aan de wapenhandel tussen Belgi\u00eb en Isra\u00ebl*. Toch leggen de regeringen in ons land geen volledig wapenembargo op omdat premier Alexander De Croo (OpenVLD) en minister van Buitenlandse Zaken Hadja Lahbib (MR) op de rem staan.<\/p>\n<p>De Croo en Lahbib hebben duidelijk een kort geheugen. Ofwel trekken ze zich niets aan van het internationaal recht.<\/p>\n<p>Eind januari oordeelde het Internationaal Gerechtshof in Den Haag dat Isra\u00ebl waarschijnlijk genocide pleegt tegen de Palestijnen in de Gazastrook. Zolang ons land de doorvoer van wapens naar Isra\u00ebl niet stopt, zijn onze politici medeplichtig aan genocide en hebben ze bloed aan de handen.<\/p>\n<p>Het opleggen van een militair embargo tegen Isra\u00ebl is dus niet zomaar een politieke keuze maar een wettelijke verplichting. Het kon voor Rusland, het moet ook kunnen voor Isra\u00ebl!<\/p>\n<p>We weten dat onze politici onze druk voelen. In andere landen worden stappen in de goede richting gezet. De Spaanse regering heeft de wapenexport naar Isra\u00ebl gestopt. In Nederland hield een rechter de uitvoer van F-35 onderdelen naar Isra\u00ebl tegen en in Japan heeft het bedrijf Itochu de samenwerking met Elbit Systems, de grootste Isra\u00eblische wapenhandelaar, stopgezet.<\/p>\n<p>De boodschap aan onze regering is duidelijk: geen import, geen export, geen doorvoer, geen militaire samenwerking met Isra\u00ebl. Militair embargo, NU!<\/p>\n<p><strong>TEKEN DE PETITIE!<\/strong><\/p>\n<p><em>*Uit de opiniepeiling van YouGov, in opdracht van Ek\u014d, blijkt dat 74% van de Belgische bevolking voorstander is van het stopzetten van de wapenleveringen aan Isra\u00ebl, waarvan 72% in Walloni\u00eb, 75% in Vlaanderen en 73% in Brussel.<\/em><\/p>\n<p class=\"Standaard\"><span lang=\"NL-BE\">\u00a0<\/span><\/p>\n<p><\/p>","protected":false},"excerpt":{"rendered":"<p>Teken en deel : https:\/\/tinyurl.com\/militair-embargo 3 op vier Belgen wil een militair embargo tegen Isra\u00ebl, maar onze regering doet niets. Tijd voor actie, in plaats van mooie woorden. Teken onze petitie! Driekwart van de Belgische bevolking wil dat er een einde komt aan de wapenhandel tussen Belgi\u00eb en Isra\u00ebl*. Toch leggen de regeringen in ons [&hellip;]<\/p>\n","protected":false},"author":28,"featured_media":4684,"comment_status":"closed","ping_status":"open","sticky":false,"template":"","format":"standard","meta":[],"categories":[33],"tags":[],"campagnes":[],"_links":{"self":[{"href":"https:\/\/www.intal.be\/nl\/wp-json\/wp\/v2\/posts\/4669"}],"collection":[{"href":"https:\/\/www.intal.be\/nl\/wp-json\/wp\/v2\/posts"}],"about":[{"href":"https:\/\/www.intal.be\/nl\/wp-json\/wp\/v2\/types\/post"}],"author":[{"embeddable":true,"href":"https:\/\/www.intal.be\/nl\/wp-json\/wp\/v2\/users\/28"}],"replies":[{"embeddable":true,"href":"https:\/\/www.intal.be\/nl\/wp-json\/wp\/v2\/comments?post=4669"}],"version-history":[{"count":13,"href":"https:\/\/www.intal.be\/nl\/wp-json\/wp\/v2\/posts\/4669\/revisions"}],"predecessor-version":[{"id":4706,"href":"https:\/\/www.intal.be\/nl\/wp-json\/wp\/v2\/posts\/4669\/revisions\/4706"}],"wp:featuredmedia":[{"embeddable":true,"href":"https:\/\/www.intal.be\/nl\/wp-json\/wp\/v2\/media\/4684"}],"wp:attachment":[{"href":"https:\/\/www.intal.be\/nl\/wp-json\/wp\/v2\/media?parent=4669"}],"wp:term":[{"taxonomy":"category","embeddable":true,"href":"https:\/\/www.intal.be\/nl\/wp-json\/wp\/v2\/categories?post=4669"},{"taxonomy":"post_tag","embeddable":true,"href":"https:\/\/www.intal.be\/nl\/wp-json\/wp\/v2\/tags?post=4669"},{"taxonomy":"campagnes","embeddable":true,"href":"https:\/\/www.intal.be\/nl\/wp-json\/wp\/v2\/campagnes?post=4669"}],"curies":[{"name":"wp","href":"https:\/\/api.w.org\/{rel}","templated":true}]}}