{"id":4075,"date":"2022-06-21T14:41:51","date_gmt":"2022-06-21T12:41:51","guid":{"rendered":"https:\/\/www.intal.be\/?p=4075"},"modified":"2022-06-21T16:12:54","modified_gmt":"2022-06-21T14:12:54","slug":"20-juin-presence-dintal-congo-lors-de-lhommage-a-patrice-lumumba","status":"publish","type":"post","link":"https:\/\/www.intal.be\/nl\/20-juin-presence-dintal-congo-lors-de-lhommage-a-patrice-lumumba\/","title":{"rendered":"20 Juin : Pr\u00e9sence d&#8217;Intal Congo lors de l&#8217;hommage \u00e0 Patrice Lumumba."},"content":{"rendered":"<p class=\"qtranxs-available-languages-message qtranxs-available-languages-message-nl\">Onze verontschuldigingen, dit bericht is alleen beschikbaar in <a href=\"https:\/\/www.intal.be\/fr\/wp-json\/wp\/v2\/posts\/4075\" class=\"qtranxs-available-language-link qtranxs-available-language-link-fr\" title=\"Fr\">Frans<\/a>.<\/p><p>Le 20 juin 2022, l&#8217;Etat belge a enfin restitu\u00e9 une relique de Patrice Lumumba (une dent) qui se trouve en Belgique parce que le leader de l&#8217;ind\u00e9pendance congolaise a \u00e9t\u00e9 assassin\u00e9 avec la complicit\u00e9 active de la Belgique mais aussi des \u00c9tats-Unis.<\/p>\n<p>Isabelle Minnon, activiste d&#8217;intal s&#8217;est exprim\u00e9 lors de l&#8217;hommage \u00e0 Lumumba, \u00e0 Okito et Mpolo, assassin\u00e9s avec lui mais aussi \u00e0 la lutte de tous les peuples pour l&#8217;ind\u00e9pendance. Voici son discours :<\/p>\n<p>&#8220;<em>Aujourd&#8217;hui, si la restitution de la relique de Lumumba a lieu, c&#8217;est gr\u00e2ce \u00e0 la lutte men\u00e9e ici en Belgique par les mouvements d\u00e9coloniaux et anti-racistes, c&#8217;est aussi la famille Lumumba qui a r\u00e9clam\u00e9 la restitution. Nous devons \u00eatre fi\u00e8re de cette victoire, c&#8217;est une \u00e9tape mais une victoire. <\/em><\/p>\n<p><em>Lumumba a port\u00e9 la voix du peuple congolais qui refusait la colonisation. Partout en Afrique, en Am\u00e9rique latine, la population s&#8217;est battue contre la colonisation. Lumumba incarne le combat de tous ces peuples qui se sont combattus pour leur ind\u00e9pendance. Lumumba souhaitait l&#8217;ind\u00e9pendance \u00e9conomique du Congo. Durant la colonisation des soci\u00e9t\u00e9s ont exploit\u00e9 les travailleurs, ils ont fait d\u2019\u00e9normes profits, Lumumba se battait contre cela. Il voulait que les richesses du pays reviennent au peuple. Le respect aujourd&#8217;hui de la souverainet\u00e9 \u00e9conomique du Congo, c&#8217;est le combat de Lumumba. Tout \u00e0 l&#8217;heure, nous avons parl\u00e9 du n\u00e9ocolonialisme, du pillage, le n\u00e9ocolonialisme, c&#8217;est s&#8217;ing\u00e9rer \u00e9conomiquement dans les affaires du pays. Le Congo est riche avec du cobalt, du cuivre, de l&#8217;or, du diamant&#8230; <\/em><\/p>\n<p><em>La Belgique, l&#8217;Europe, les \u00c9tats n&#8217;ont pas de le\u00e7ons \u00e0 donner au Congo, pas de le\u00e7ons \u00e0 donner \u00e0 l&#8217;Afrique sur la mani\u00e8re de g\u00e9rer leur pays. Cela ne veut pas dire que les dirigeants africains ne sont pas responsables, cela veut dire qu\u2019il appartient au Congo, aux pays africains de g\u00e9rer le pays, le combat de Lumumba, c&#8217;\u00e9tait de refuser toute le\u00e7on.<\/em><\/p>\n<p><em>Quand un pays comme le Congo veut augmenter les imp\u00f4ts des multinationales, la Belgique doit soutenir cela, car les multinationales doivent payer !! <\/em><em>Ni le Congo, ni les pays africains n&#8217;ont de le\u00e7on \u00e0 recevoir de la Belgique, de l&#8217;Europe et des \u00c9tats-Unis !<\/em>&#8221;<\/p>\n<p><img loading=\"lazy\" class=\"alignnone wp-image-4077\" src=\"https:\/\/www.intal.be\/wp-content\/uploads\/2022\/06\/isa-hommage-Lumumba-300x181.jpg\" alt=\"\" width=\"287\" height=\"173\" srcset=\"https:\/\/www.intal.be\/wp-content\/uploads\/2022\/06\/isa-hommage-Lumumba-300x181.jpg 300w, https:\/\/www.intal.be\/wp-content\/uploads\/2022\/06\/isa-hommage-Lumumba-768x463.jpg 768w, https:\/\/www.intal.be\/wp-content\/uploads\/2022\/06\/isa-hommage-Lumumba-1024x617.jpg 1024w, https:\/\/www.intal.be\/wp-content\/uploads\/2022\/06\/isa-hommage-Lumumba.jpg 1079w\" sizes=\"(max-width: 287px) 100vw, 287px\" \/><\/p>\n<p>A l&#8217;occasion de cette \u00e9v\u00e8nement particulier du 20\/06, Joseph Ngongo, d&#8217;Intal Congo et d&#8217;autres activistes d\u00e9coloniaux et antiracistes, c&#8217;\u00e9tait exprim\u00e9s sur ce que repr\u00e9sente pour eux Lumumba, dans un article publi\u00e9 par Bruzz.<\/p>\n<p><strong>H\u00e9ros panafricain<\/strong><\/p>\n<p>Il est clair que Lumumba et ses id\u00e9aux inspirent. A ce propos, L&#8217;\u00e9tudiant Joseph Ngongo (23 ans) d&#8217;Uccle nous dit que &#8220;C<em>ertainement dans la lutte contre le racisme et l&#8217;injustice, mais aussi dans la lutte pour l&#8217;ind\u00e9pendance et l&#8217;\u00e9galit\u00e9, il est mon inspiration. Lumumba est un personnage historique tr\u00e8s important, \u00e9galement pour l&#8217;histoire de la Belgique<\/em>.&#8221;<\/p>\n<p>Ce n&#8217;est pas seulement au Congo qu&#8217;il est lou\u00e9. &#8220;<em>Il est devenu un h\u00e9ros pour tous les peuples d&#8217;Afrique, mais aussi d&#8217;Europe et d&#8217;Am\u00e9rique du Sud<\/em>&#8220;, d\u00e9clare M. Ngongo. &#8220;<em>Il s&#8217;est battu pour l&#8217;ind\u00e9pendance de toutes les nations africaines et contre l&#8217;oppression de l&#8217;Occident<\/em>&#8220;, convient Moussa Pandzou. \u00c7a ne lui a co\u00fbt\u00e9 que la vie.<\/p>\n<p>\u00ab <em>Je l&#8217;admire vraiment. Le courage qu&#8217;il a eu dans le contexte et l&#8217;\u00e9poque o\u00f9 il se trouvait est tout simplement quelque chose que je peux admirer<\/em> \u00bb&#8221;<\/p>\n<p>Retrouvez l&#8217;<a href=\"https:\/\/www.bruzz.be\/samenleving\/brusselaars-met-congolese-roots-over-lumumba-voor-mij-was-hij-een-god-2022-06-18?fbclid=IwAR3RErSHINEaf0ZzydZHppBKlTeXFCFDQ184gHYZqU9xNHWmhj-SmaM7ozM\">article complet ici<\/a> (en n\u00e9erlandais) sur le site de Bruzz.<\/p>","protected":false},"excerpt":{"rendered":"<p>Onze verontschuldigingen, dit bericht is alleen beschikbaar in Frans.Le 20 juin 2022, l&#8217;Etat belge a enfin restitu\u00e9 une relique de Patrice Lumumba (une dent) qui se trouve en Belgique parce que le leader de l&#8217;ind\u00e9pendance congolaise a \u00e9t\u00e9 assassin\u00e9 avec la complicit\u00e9 active de la Belgique mais aussi des \u00c9tats-Unis. Isabelle Minnon, activiste d&#8217;intal s&#8217;est [&hellip;]<\/p>\n","protected":false},"author":28,"featured_media":4076,"comment_status":"closed","ping_status":"open","sticky":false,"template":"","format":"standard","meta":[],"categories":[32,4],"tags":[],"campagnes":[],"_links":{"self":[{"href":"https:\/\/www.intal.be\/nl\/wp-json\/wp\/v2\/posts\/4075"}],"collection":[{"href":"https:\/\/www.intal.be\/nl\/wp-json\/wp\/v2\/posts"}],"about":[{"href":"https:\/\/www.intal.be\/nl\/wp-json\/wp\/v2\/types\/post"}],"author":[{"embeddable":true,"href":"https:\/\/www.intal.be\/nl\/wp-json\/wp\/v2\/users\/28"}],"replies":[{"embeddable":true,"href":"https:\/\/www.intal.be\/nl\/wp-json\/wp\/v2\/comments?post=4075"}],"version-history":[{"count":3,"href":"https:\/\/www.intal.be\/nl\/wp-json\/wp\/v2\/posts\/4075\/revisions"}],"predecessor-version":[{"id":4091,"href":"https:\/\/www.intal.be\/nl\/wp-json\/wp\/v2\/posts\/4075\/revisions\/4091"}],"wp:featuredmedia":[{"embeddable":true,"href":"https:\/\/www.intal.be\/nl\/wp-json\/wp\/v2\/media\/4076"}],"wp:attachment":[{"href":"https:\/\/www.intal.be\/nl\/wp-json\/wp\/v2\/media?parent=4075"}],"wp:term":[{"taxonomy":"category","embeddable":true,"href":"https:\/\/www.intal.be\/nl\/wp-json\/wp\/v2\/categories?post=4075"},{"taxonomy":"post_tag","embeddable":true,"href":"https:\/\/www.intal.be\/nl\/wp-json\/wp\/v2\/tags?post=4075"},{"taxonomy":"campagnes","embeddable":true,"href":"https:\/\/www.intal.be\/nl\/wp-json\/wp\/v2\/campagnes?post=4075"}],"curies":[{"name":"wp","href":"https:\/\/api.w.org\/{rel}","templated":true}]}}