{"id":4061,"date":"2022-06-18T14:46:26","date_gmt":"2022-06-18T12:46:26","guid":{"rendered":"https:\/\/www.intal.be\/?p=4061"},"modified":"2022-06-21T16:14:25","modified_gmt":"2022-06-21T14:14:25","slug":"vit-on-en-democratie-si-la-violence-persiste","status":"publish","type":"post","link":"https:\/\/www.intal.be\/nl\/vit-on-en-democratie-si-la-violence-persiste\/","title":{"rendered":"La Colombie : Vit-on en d\u00e9mocratie si la violence persiste?"},"content":{"rendered":"<p class=\"qtranxs-available-languages-message qtranxs-available-languages-message-nl\">Onze verontschuldigingen, dit bericht is alleen beschikbaar in <a href=\"https:\/\/www.intal.be\/fr\/wp-json\/wp\/v2\/posts\/4061\" class=\"qtranxs-available-language-link qtranxs-available-language-link-fr\" title=\"Fr\">Frans<\/a>.<\/p><p><\/p>\n<p style=\"text-align: left;\"><strong>Andrea Perez, de retour de la mission d&#8217;observation du premier tour des \u00e9lections pr\u00e9sidentielles en Colombie (29\/05\/22)<\/strong><\/p>\n<p style=\"text-align: left;\">Du 24 mai au 2 Juin, j\u2019ai particip\u00e9 \u00e0 une mission d&#8217;observation des \u00e9lections pr\u00e9sidentielles en Colombie. J\u2019y \u00e9tais envoy\u00e9e par le mouvement de solidarit\u00e9 international INTAL. Quelques semaines avant mon d\u00e9part et pendant mon s\u00e9jour \u00e0 Bogota, la capitale, j\u2019ai \u00e9t\u00e9 contrainte de ne pas m\u2019exprimer publiquement sur la situation en Colombie afin de ne pas risquer d\u2019\u00eatre interdite d\u2019acc\u00e8s au territoire.<\/p>\n<p style=\"text-align: left;\">L\u2019ambiance des \u00e9lections est pr\u00e9sente \u00e0 la radio, \u00e0 la t\u00e9l\u00e9vision. Dans nos rencontres, nous sentons les inqui\u00e9tudes de la population \u00ab la situation devient intenable, il faut que cela change \u00bb; certains pr\u00e9f\u00e8rent se taire \u00ab il vaut mieux m\u00eame ne pas en parler \u00bb; d\u2019autres enfin expriment leurs craintes vis-\u00e0-vis de tous les mensonges qui sont racont\u00e9s \u00e0 la t\u00e9l\u00e9vision et qui finissent par \u00eatre int\u00e9gr\u00e9s comme des v\u00e9rit\u00e9s pour certains. \u00ab Si Petro gagne, le pays va devenir comme le Venezuela \u00bb ou encore \u00ab Petro va nous exproprier \u00bb ceci alors qu\u2019une grande majorit\u00e9 de la population n\u2019est m\u00eame pas propri\u00e9taire, et vit d\u2019un salaire minimum de 246\u20ac par mois.<\/p>\n<p style=\"text-align: left;\">La Colombie a toujours \u00e9t\u00e9 gouvern\u00e9e par la droite et l\u2019extr\u00eame droite. Jamais un Pr\u00e9sident de gauche ou progressiste n\u2019est arriv\u00e9 \u00e0 la Pr\u00e9sidence car ils ont \u00e9t\u00e9 assassin\u00e9s avant m\u00eame leur \u00e9lection.<\/p>\n<p style=\"text-align: left;\"><strong>C\u2019est un pays o\u00f9 la violence et la terreur font partie du quotidien.<\/strong><br \/>\nDans les territoires, la pr\u00e9sence de paramilitaires se fait sentir, ce sont les mercenaires qui font r\u00e9gner leur loi dans les territoires abandonn\u00e9s par l&#8217;\u00c9tat colombien. Ces mercenaires se chargent de \u00ab nettoyer \u00bb les territoires pour laisser libre place aux grands propri\u00e9taires terriens et pour permettre l\u2019implantation de multinationales europ\u00e9ennes, am\u00e9ricaines et du Canada qui peuvent alors exploiter les ressources naturelles, stimuler les monocultures de palme, caoutchouc, canne \u00e0 sucre, coca.<\/p>\n<p style=\"text-align: left;\">Lire aussi: <a href=\"https:\/\/www.intal.be\/organisations-et-syndicats-belges-denoncent-la-repression-du-mouvement-social-en-colombie\/\">Organisations et syndicats belges d\u00e9noncent la r\u00e9pression du mouvement social en Colombie<\/a><\/p>\n<p style=\"text-align: left;\"><strong>Regain de violance apr\u00e8s la signature des accords de paix<\/strong><br \/>\nLe peuple Colombien esp\u00e9rait qu\u2019apr\u00e8s la signature de ces accords de paix \u00e0 la Havane en 2016, la violence au sein de la soci\u00e9t\u00e9 diminuerait et que la situation politique et sociale du pays s\u2019am\u00e9liorerait. La d\u00e9mobilisation des FARC a permis au peuple colombien de prendre conscience d\u2019o\u00f9 venait r\u00e9ellement la guerre et l\u2019exploitation puisque avant la signature des accords tous les maux du pays, violence, pauvret\u00e9, \u2026 \u00e9taient attribu\u00e9s par les diff\u00e9rents gouvernements aux gu\u00e9rillas. Voyant que ces probl\u00e8mes persistent, et s\u2019aggravaient , le peuple colombien en a d\u00e9duit qu\u2019il y a d\u2019autres causes profondes de la violence end\u00e9mique en Colombie.<\/p>\n<p style=\"text-align: left;\">En 2018, malgr\u00e9 un fort soutien populaire, Gustavo Petro perd les \u00e9lections pr\u00e9sidentielles face au candidat d\u2019extr\u00eame droite Ivan Duqu\u00e9. Depuis 2018, le gouvernement a encore approfondi ses politiques n\u00e9o-lib\u00e9rales. Au lieu de travailler \u00e0 la mise en oeuvre des accords de paix, le gouvernement adapte les accords \u00e0 sa vision dans le concept de \u00ab la paix avec l\u00e9galit\u00e9 \u00bb qui lui permet de d\u00e9roger aux accords et de ne pas appliquer la r\u00e9forme rurale int\u00e9grale qui vise \u00e0 restituer des terres et valoriser l\u2019\u00e9conomie paysanne, un des axes principaux de l\u2019accord de paix.<\/p>\n<p style=\"text-align: left;\">Notons \u00e9galement l&#8217;\u00e9chec de la mise en \u0153uvre du Programme national de substitution des cultures illicites (PNIS), ainsi que l&#8217;assassinat g\u00e9n\u00e9ralis\u00e9 d&#8217;ex-combattants de la guerilla et de signataires de l&#8217;accord, qui s&#8217;\u00e9l\u00e8ve \u00e0 315 victimes d\u2019assassinat. Ainsi qu\u2019une absence totale des garanties de s\u00e9curit\u00e9 pour l\u2019exercice politique et la construction de la paix.<\/p>\n<p style=\"text-align: left;\">En bref, la non mise en \u0153uvre des accords de paix a permis une recomposition des groupes arm\u00e9s, un maintien et un renforcement des groupes paramilitaires et leurs m\u00e9thodes violentes, et l\u2019appropriation par ces groupes des terres et des richesses dans des territoires en conflit.<\/p>\n<p style=\"text-align: left;\"><strong>Pacto Historico<\/strong><br \/>\nDans ce contexte Gustavo Petro imagine une grande coalition pour pouvoir faire face \u00e0 l\u2019extr\u00eame droite aux \u00e9lections suivantes. Le Pacto historico, le \u00ab pacte historique \u00bb voit le jour et est pr\u00e9sent\u00e9 aux pays en f\u00e9vrier 2021. C\u2019est une coalition \u00e9lectorale des diff\u00e9rents partis de gauche, centre- gauche, sociaux-d\u00e9mocrates, certains lib\u00e9raux et des mouvements sociaux.<\/p>\n<p style=\"text-align: left;\">Aux \u00e9lections l\u00e9gislative en mars 2022 le Pacto Historico fait une perc\u00e9e notoire avec<br \/>\nPetro en deuxi\u00e8me place \u00e0 la consultation pr\u00e9sidentielle et Francia Marquez obtient la Troisi\u00e8me place. Le Pacto Historico obtient 17 si\u00e8ges au s\u00e9nat. Des irr\u00e9gularit\u00e9s sont constat\u00e9es et des rumeurs de fraudes circulent. Des v\u00e9rifications sont faites et le Pacto Historico r\u00e9cup\u00e8re plus de 550.000 voix ce qui leur donne 4 si\u00e8ges suppl\u00e9mentaires au s\u00e9nat.<\/p>\n<p style=\"text-align: left;\">A lire : <a href=\"https:\/\/www.intal.be\/en-colombie-victoire-de-la-gauche-et-espoir-en-milieu-hostile\/\">En Colombie, victoire de la gauche et espoir en milieu hostile<\/a><\/p>\n<p style=\"text-align: left;\">A partir de ce moment-l\u00e0, r\u00e8gne une ambiance triomphale et un espoir pour la gauche et les forces progressistes du pays. Petro se pr\u00e9sente au premier tour des \u00e9lections pr\u00e9sidentielles avec Francia Marquez comme vice-pr\u00e9sidente. Pour la premi\u00e8re fois de l\u2019histoire un pr\u00e9sident de gauche a des chances d\u2019\u00eatre \u00e9lu, mais aussi une femme d\u2019origine afro-descendante, issues des mouvement sociaux, activiste \u00e9cologique originaire de la r\u00e9gion du Cauca, territoire toucher fortement par la violence. Cette richesse de vie de lutte, d\u2019exemple de r\u00e9sistance font d\u2019elle la voix de ceux que l\u2019on n\u2019\u00e9tend pas et l\u2019on ne voit pas, la voix \u00ab de los nadie y las nadie \u00bb comme ils disent en Colombie. Le peuple ne veut plus de cette guerre interminable et de la mis\u00e8re qui ne cesse d\u2019augmenter : 70% de la population vit sur le seuil de pauvret\u00e9.<\/p>\n<p style=\"text-align: left;\">Face \u00e0 l&#8217;in\u00e9vitable triomphe de la gauche aux \u00e9lections, l&#8217;extr\u00eame droite d\u00e9veloppe un r\u00e9cit qui vise \u00e0 d\u00e9cr\u00e9dibiliser le candidat de gauche Gustavo Petro. Ils l\u2019accusent d\u2019avoir organis\u00e9 une fraude \u00e9lectorale avec le bureau d\u2019enregistrement des votes. Dans ces circonstances, le magistrat du conseil national \u00e9lectoral (CNE), Luis Guillermo P\u00e9rez juge important de r\u00e9aliser un audit international du logiciel. Face au manque de volont\u00e9 des autres institutions de l&#8217;\u00c9tat, l\u2019audit n\u2019a pas lieu. Cet audit n\u2019a pas non plus \u00e9t\u00e9 organis\u00e9 pour le second tour, laissant planer un doute sur l\u2019existence de fraude.<\/p>\n<p style=\"text-align: left;\"><strong>Mission d&#8217;observation \u00e9lectorale<\/strong><br \/>\nQuelques jours avant mon d\u00e9part pour la Colombie, une gr\u00e8ve arm\u00e9e \u00e9clate au nord de la Colombie. Elle est organis\u00e9e par le clan del golfo, un puissant cartel de la drogue local, suite \u00e0 l\u2019extradition de leur chef. Suite \u00e0 cette gr\u00e8ve, il est interdit aux habitants de sortir de chez eux pour se d\u00e9placer ou travailler, des v\u00e9hicules sont incendi\u00e9s, des routes bloqu\u00e9es.<\/p>\n<p style=\"text-align: left;\">A quelques jours des \u00e9lections pr\u00e9sidentielles, cette gr\u00e8ve n\u2019est pas anodine. M\u00eame si elle prend fin rapidement, la terreur et la peur r\u00e8gnent dans le territoires : les supporters de Petro sont menac\u00e9s,les affiches du Pacto Historico sont incendi\u00e9es et des menaces de mort sont prof\u00e9r\u00e9es \u00e0 ceux qui continuent de se bouger pour Petro. Aucune force de l\u2019ordre est intervenue pour r\u00e9gulariser et apaiser la situation.<\/p>\n<p style=\"text-align: left;\">A c\u00f4t\u00e9 de ces \u00e9v\u00e9nements, via une proc\u00e9dure nationale, quatre maires \u00e9lus dans diff\u00e9rentes r\u00e9gions du pays, sont suspendus provisoirement. Notamment le maire de Medellin, la seconde ville du pays, soit disant parce qu\u2019ils sont intervenus en soutien de la campagne pr\u00e9sidentielle (en effet en Colombie il est interdit au fonctionnaire d\u2019intervenir lors de campagnes aux \u00e9lections), alors qu\u2019aucune mesure n\u2019a \u00e9t\u00e9 prise \u00e0 l&#8217;encontre du Pr\u00e9sident Duque qui ne cessait d\u2019attaquer le candidat Gustavo Petro. Vu la possibilit\u00e9 de triomphe de Petro et Francia, toutes les pratiques sont bonnes pour semer la terreur, dissuader les gens de voter et imposer leur machine de guerre au d\u00e9triment de la d\u00e9mocratie et de la stabilit\u00e9 du pays.<\/p>\n<p style=\"text-align: left;\">C\u2019est dans ce contexte fort tendu que j\u2019arrive dans le pays pour participer \u00e0 la mission d\u2019observation. Alors que de nombreuses d\u00e9l\u00e9gations de la mission d\u2019observation internationale arrivent en Colombie, le gouvernement rend compliqu\u00e9e l\u2019entr\u00e9e sur le territoire \u00e0 certains observateurs qui sont cependant accr\u00e9dit\u00e9s par le conseil national \u00e9lectoral (CNE). Des d\u00e9l\u00e9gu\u00e9s sont interdits d\u2019entr\u00e9e sous pr\u00e9texte qu\u2019ils repr\u00e9sentent un danger et une menace pour l\u2019ordre public en Colombie.<\/p>\n<p style=\"text-align: left;\">De nombreuses rencontres ont lieu avec les diff\u00e9rentes organisations sociales, avec des acteurs du gouvernement actuel, avec la bancada (les \u00e9lus) du Pacto Historico, les syndicats\u2026<\/p>\n<p style=\"text-align: left;\">Les repr\u00e9sentants du gouvernement se montrent collaborant avec le processus \u00e9lectoral et leur volont\u00e9 de transparence et font \u00e9tat d\u2019un bilan \u00e9conomique et social positif, garant de paix. Je suis interpell\u00e9e quand j\u2019entends les repr\u00e9sentants de l&#8217;opposition mais aussi des repr\u00e9sentants d\u2019institutions nationales et d&#8217;organisations de d\u00e9fense des droits humains dont les constats sont tout \u00e0 fait contraires \u00e0 ceux du gouvernement. Ils parlent de la fatigue du peuple colombien face \u00e0 la violence quotidienne, des conditions violentes dans lesquelles le Pacto Historico a d\u00fb faire campagne : menaces de morts et pers\u00e9cution \u00e0 l\u2019\u00e9gard de Francia Marquez, et Gustavo Petro et certaines personnes qui soutiennent leur campagne. En fin de campagne, les deux candidats du Pacto Historico \u00e9taient prot\u00e9g\u00e9s avec des plaques de m\u00e9tal pour les prot\u00e9ger d&#8217;\u00e9ventuelles balles et ils \u00e9taient accompagn\u00e9s chacun de deux gardes corps avec des gilets pare-balle pour se prot\u00e9ger.<\/p>\n<p><img loading=\"lazy\" class=\"alignnone size-medium wp-image-4071 aligncenter\" src=\"https:\/\/www.intal.be\/wp-content\/uploads\/2022\/06\/protection-300x160.jpeg\" alt=\"\" width=\"300\" height=\"160\" srcset=\"https:\/\/www.intal.be\/wp-content\/uploads\/2022\/06\/protection-300x160.jpeg 300w, https:\/\/www.intal.be\/wp-content\/uploads\/2022\/06\/protection-768x409.jpeg 768w, https:\/\/www.intal.be\/wp-content\/uploads\/2022\/06\/protection.jpeg 1024w\" sizes=\"(max-width: 300px) 100vw, 300px\" \/><\/p>\n<p style=\"text-align: left;\"><strong>Le jour des \u00e9lections tant attendues par les Colombiens arrive. <\/strong><br \/>\nJe pars matinalement avec ma d\u00e9l\u00e9gation \u00e0 Ciudad Bol\u00edvar, un quartier populaire de Bogot\u00e1.<\/p>\n<p style=\"text-align: left;\">Alors que le probl\u00e8me a d\u00e9j\u00e0 \u00e9t\u00e9 constat\u00e9 aux \u00e9lections l\u00e9gislatives du mois de mars, aucune mesure n\u2019a \u00e9t\u00e9 prise pour que les 20 000 personnes charg\u00e9es de la v\u00e9rification biom\u00e9trique (en phase exp\u00e9rimentale) puissent \u00e9galement prendre part au vote. Cela est en contradiction compl\u00e8te avec la Constitution.<\/p>\n<p style=\"text-align: left;\">Nous trouvons des bo\u00eetes ferm\u00e9es contenant des votes avant l&#8217;arriv\u00e9e m\u00eame des t\u00e9moins et parfois m\u00eame avant l\u2019arriv\u00e9e des membres du bureau vote!!!<\/p>\n<p style=\"text-align: left;\">Nous avons vu une grande participation des jeunes lors de cette journ\u00e9e aux diff\u00e9rents bureaux de vote o\u00f9 nous sommes all\u00e9s.<\/p>\n<p style=\"text-align: left;\">En fin de journ\u00e9e, nous nous retrouvons \u00e0 Corferias, un des plus grands centres de vote o\u00f9 est centralis\u00e9e toute l\u2019information \u00e9lectorale. A peine une heure apr\u00e8s la fermeture des urnes, on entend \u00e0 la radio l\u2019annonce d\u2019un deuxi\u00e8me tour aux \u00e9lections pr\u00e9sidentielles. Avec 91,66 % des votes compt\u00e9s, Petro obtient 40,44 % des voix, suivi de Hern\u00e1ndez, avec 27,99 %. Le candidat de la coalition Equipo por Colombia (droite), Federico Gutierrez, a \u00e9t\u00e9 \u00e9cart\u00e9 de la course pr\u00e9sidentielle en obtenant 23,95 % des voix.<\/p>\n<p style=\"text-align: left;\">M\u00eame si Petro et Francia ne gagnent pas au premier tour, c\u2019est une victoire historique pour les gauches et les forces progressistes du pays. Pour la premi\u00e8re fois dans l\u2019histoire colombienne, un candidat \u00e0 la pr\u00e9sidence que cela soit de gauche ou de droite passe au deuxi\u00e8me tour avec de tels r\u00e9sultats : l\u2019obtention de 8.527.768 de votes en sa faveur.<\/p>\n<p style=\"text-align: left;\">La situation actuelle est pr\u00e9occupante. Rodolfo Hernandez surgit de nulle part, sans faire campagne, sans se pr\u00e9senter aux d\u00e9bats pr\u00e9sidentiels, mais mise tout sur les r\u00e9seaux sociaux et a conquis une partie de la jeunesse pr\u00eate \u00e0 voter pour lui par r\u00e9sistance aux partis traditionnels qui les ont toujours n\u00e9glig\u00e9s. Rodolfo se pr\u00e9sente avec un discours anti-establishment, d\u00e9cid\u00e9 \u00e0 lutter contre la corruption alors qu\u2019il est lui-m\u00eame poursuivi en justice pour la m\u00eame raison. Admirateur d\u2019 Hitler, il pense que les femmes doivent rester \u00e0 la maison pour s\u2019occuper des enfants et que leur place n&#8217;est pas dans la politique, mais \u00e0 la cuisine\u2026.<\/p>\n<p style=\"text-align: left;\">Nous observons un taux \u00e9norme d\u2019abstention : 18 millions des personnes n\u2019ont pas exerc\u00e9 leur droit de vote, seulement un peu moins de 50% de la population a vot\u00e9.<br \/>\nCe qui a chang\u00e9, c\u2019est la mani\u00e8re de voter qui est r\u00e9sulte des mobilisations de la jeunesse notamment depuis 2019 et 2021. Avec la participation des syndicats qui font bouger la classe ouvri\u00e8re, des indig\u00e8nes, des afro-colombiennes, les paysans, des personnes sans emploi, des gens des PME et de la classe moyenne. Cela explique la victoire de la Gauche \u00e0 ce premier tour des pr\u00e9sidentielles\u2026<\/p>\n<p style=\"text-align: left;\"><strong>Un vent d\u2019espoir souffle sur le pays<\/strong><br \/>\nUn vent de r\u00e9sistance aux politiques assassines qui y r\u00e8gnent depuis trop longtemps. Le peuple colombien est un peuple r\u00e9silient et fort , qui se tient debout malgr\u00e9 tout et continue \u00e0 lutter pour pouvoir vivre dignement.Et enfin pouvoir profiter des richesses de son pays : la beaut\u00e9 de ses paysages, les diversit\u00e9s culturelle et culinaire,\u2026 Ce peuple qui r\u00e9siste, s&#8217;organise et qui veut mettre fin \u00e0 la violence.<\/p>\n<p><\/p>","protected":false},"excerpt":{"rendered":"<p>Onze verontschuldigingen, dit bericht is alleen beschikbaar in Frans. Andrea Perez, de retour de la mission d&#8217;observation du premier tour des \u00e9lections pr\u00e9sidentielles en Colombie (29\/05\/22) Du 24 mai au 2 Juin, j\u2019ai particip\u00e9 \u00e0 une mission d&#8217;observation des \u00e9lections pr\u00e9sidentielles en Colombie. J\u2019y \u00e9tais envoy\u00e9e par le mouvement de solidarit\u00e9 international INTAL. Quelques semaines [&hellip;]<\/p>\n","protected":false},"author":27,"featured_media":4062,"comment_status":"closed","ping_status":"open","sticky":false,"template":"","format":"standard","meta":[],"categories":[37,17,28],"tags":[72],"campagnes":[],"_links":{"self":[{"href":"https:\/\/www.intal.be\/nl\/wp-json\/wp\/v2\/posts\/4061"}],"collection":[{"href":"https:\/\/www.intal.be\/nl\/wp-json\/wp\/v2\/posts"}],"about":[{"href":"https:\/\/www.intal.be\/nl\/wp-json\/wp\/v2\/types\/post"}],"author":[{"embeddable":true,"href":"https:\/\/www.intal.be\/nl\/wp-json\/wp\/v2\/users\/27"}],"replies":[{"embeddable":true,"href":"https:\/\/www.intal.be\/nl\/wp-json\/wp\/v2\/comments?post=4061"}],"version-history":[{"count":9,"href":"https:\/\/www.intal.be\/nl\/wp-json\/wp\/v2\/posts\/4061\/revisions"}],"predecessor-version":[{"id":4093,"href":"https:\/\/www.intal.be\/nl\/wp-json\/wp\/v2\/posts\/4061\/revisions\/4093"}],"wp:featuredmedia":[{"embeddable":true,"href":"https:\/\/www.intal.be\/nl\/wp-json\/wp\/v2\/media\/4062"}],"wp:attachment":[{"href":"https:\/\/www.intal.be\/nl\/wp-json\/wp\/v2\/media?parent=4061"}],"wp:term":[{"taxonomy":"category","embeddable":true,"href":"https:\/\/www.intal.be\/nl\/wp-json\/wp\/v2\/categories?post=4061"},{"taxonomy":"post_tag","embeddable":true,"href":"https:\/\/www.intal.be\/nl\/wp-json\/wp\/v2\/tags?post=4061"},{"taxonomy":"campagnes","embeddable":true,"href":"https:\/\/www.intal.be\/nl\/wp-json\/wp\/v2\/campagnes?post=4061"}],"curies":[{"name":"wp","href":"https:\/\/api.w.org\/{rel}","templated":true}]}}