{"id":3728,"date":"2022-03-28T16:00:27","date_gmt":"2022-03-28T14:00:27","guid":{"rendered":"https:\/\/www.intal.be\/?p=3728"},"modified":"2022-05-24T13:54:09","modified_gmt":"2022-05-24T11:54:09","slug":"manifestation-europe-pour-la-paix-et-la-solidarite-bruxelles-27-mars-2022","status":"publish","type":"post","link":"https:\/\/www.intal.be\/nl\/manifestation-europe-pour-la-paix-et-la-solidarite-bruxelles-27-mars-2022\/","title":{"rendered":"Actieverslag: Met duizenden op straat in Brussel voor vrede en solidariteit &#8211; Stop de oorlog in Oekra\u00efne"},"content":{"rendered":"\t\t<div data-elementor-type=\"wp-post\" data-elementor-id=\"3728\" class=\"elementor elementor-3728\">\n\t\t\t\t\t\t\t\t\t<section class=\"elementor-section elementor-top-section elementor-element elementor-element-7b587ac4 elementor-section-boxed elementor-section-height-default elementor-section-height-default\" data-id=\"7b587ac4\" data-element_type=\"section\">\n\t\t\t\t\t\t<div class=\"elementor-container elementor-column-gap-default\">\n\t\t\t\t\t<div class=\"elementor-column elementor-col-100 elementor-top-column elementor-element elementor-element-734231f6\" data-id=\"734231f6\" data-element_type=\"column\">\n\t\t\t<div class=\"elementor-widget-wrap elementor-element-populated\">\n\t\t\t\t\t\t\t\t<div class=\"elementor-element elementor-element-7fbc1d45 elementor-widget elementor-widget-text-editor\" data-id=\"7fbc1d45\" data-element_type=\"widget\" data-widget_type=\"text-editor.default\">\n\t\t\t\t<div class=\"elementor-widget-container\">\n\t\t\t\t\t\t\t<p>De oorlog in Oekra\u00efne woedt ondertussen al 4 weken. Iedere dag dat de oorlog verder gaat is er \u00e9\u00e9n teveel.<\/p><p>We waren met duizenden voorbije <strong>zondag 27 maart in Brussel<\/strong>, met meer dan 90 organisaties uit het brede middenveld met een duidelijk boodschap: Stop de oorlog! Stop het militaire opbod! We waren verenigd rond 8 eisen: Rusland weg uit Oekra\u00efne, Solidariteit met de vluchtelingen, Een actieve vredesdiplomatie, Geen militair opbod, Kernwapens uit Europa, Investeringen in het sociale, Samen in een veilig Europa en samen in \u00e9\u00e9n grote vredesbeweging. Lees hier het <a href=\"https:\/\/www.intal.be\/nl\/27-03-manifestation-nationale-europe-pour-la-paix-et-la-solidarite\/\">volledig eisenpakket<\/a>.<\/p><p>De actie kwam uitgebreid in de pers. Bekijk hieronder het overzicht:<\/p><ul><li>&#8216;<a href=\"https:\/\/m.gva.be\/cnt\/dmf20220327_95078808\">Ruim 2.500 mensen lopen in Brussel mee in nationale betoging voor vrede en solidariteit<\/a>&#8216; op GVA.be<\/li><li>&#8216;<a href=\"https:\/\/www.hln.be\/brussel\/2-500-mensen-komen-op-straat-in-brussel-voor-vrede-en-solidariteit-extra-wapens-sturen-naar-oekraine-verkleint-diplomatieke-marge~a48a330e\/\">2.500 mensen komen op straat in Brussel voor vrede en solidariteit: \u201cExtra wapens sturen naar Oekra\u00efne verkleint diplomatieke marge\u201d<\/a>&#8216; op HLN Brussel<\/li><li>\u2018<a href=\"https:\/\/www.standaard.be\/cnt\/dmf20220327_96176776\">Ik zou nog geen speelgoedgeweer leveren aan Oekra\u00efne\u2019<\/a> op De Standaard.be<\/li><li>&#8216;<a href=\"https:\/\/www.bruzz.be\/samenleving\/2500-manifestanten-op-europa-voor-vrede-en-solidariteit-betoging-2022-03-27\">2.500 manifestanten op &#8216;Europa voor vrede en solidariteit&#8217;-betoging<\/a>&#8216; op Bruzz.be<\/li><li>&#8216;<a href=\"https:\/\/www.lesoir.be\/432610\/article\/2022-03-27\/bruxelles-les-images-de-la-manifestation-en-soutien-lukraine\">Bruxelles: les images de la manifestation en soutien \u00e0 l\u2019Ukraine <\/a>&#8216; op Le Soir<\/li><\/ul><p>Bekijk hieronder een fotoreportage van de actie, een een knappe videoreportage gemaakt door De Wereld Morgen (video door Koen O.).<\/p><p>Doe jij mee met onze volgende acties? Sluit je ook aan bij intal <a href=\"https:\/\/www.intal.be\/nl\/devenir-membre-lid-worden\/\">via dit formulier.<\/a> We hebben alle krachten nodig voor een sterke vredesbeweging!<\/p><p>\u00a0<\/p><p><iframe loading=\"lazy\" title=\"YouTube video player\" src=\"https:\/\/www.youtube.com\/embed\/F7bSXNVWJc0\" width=\"560\" height=\"315\" frameborder=\"0\" allowfullscreen=\"allowfullscreen\"><\/iframe><\/p><p>\u00a0<\/p><p><\/p>\t\t\t\t\t\t<\/div>\n\t\t\t\t<\/div>\n\t\t\t\t\t<\/div>\n\t\t<\/div>\n\t\t\t\t\t\t\t<\/div>\n\t\t<\/section>\n\t\t\t\t<section class=\"elementor-section elementor-top-section elementor-element elementor-element-f6c6ef2 elementor-section-boxed elementor-section-height-default elementor-section-height-default\" data-id=\"f6c6ef2\" data-element_type=\"section\">\n\t\t\t\t\t\t<div class=\"elementor-container elementor-column-gap-default\">\n\t\t\t\t\t<div class=\"elementor-column elementor-col-100 elementor-top-column elementor-element elementor-element-031b2c8\" data-id=\"031b2c8\" data-element_type=\"column\">\n\t\t\t<div class=\"elementor-widget-wrap elementor-element-populated\">\n\t\t\t\t\t\t\t\t<div class=\"elementor-element elementor-element-8063490 elementor-arrows-position-inside elementor-pagination-position-outside elementor-widget elementor-widget-image-carousel\" data-id=\"8063490\" data-element_type=\"widget\" data-settings=\"{&quot;navigation&quot;:&quot;both&quot;,&quot;autoplay&quot;:&quot;yes&quot;,&quot;pause_on_hover&quot;:&quot;yes&quot;,&quot;pause_on_interaction&quot;:&quot;yes&quot;,&quot;autoplay_speed&quot;:5000,&quot;infinite&quot;:&quot;yes&quot;,&quot;speed&quot;:500}\" data-widget_type=\"image-carousel.default\">\n\t\t\t\t<div class=\"elementor-widget-container\">\n\t\t\t\t\t<div class=\"elementor-image-carousel-wrapper swiper-container\" dir=\"ltr\">\n\t\t\t<div class=\"elementor-image-carousel swiper-wrapper\" aria-live=\"off\">\n\t\t\t\t\t\t\t\t<div class=\"swiper-slide\" role=\"group\" aria-roledescription=\"slide\" aria-label=\"1 of 16\"><figure class=\"swiper-slide-inner\"><img class=\"swiper-slide-image\" src=\"https:\/\/www.intal.be\/wp-content\/uploads\/2022\/03\/IMG_20220328_190106_900-300x200.jpg\" alt=\"Photos: Patricia Parga V. (2022)\" \/><\/figure><\/div><div class=\"swiper-slide\" role=\"group\" aria-roledescription=\"slide\" aria-label=\"2 of 16\"><figure class=\"swiper-slide-inner\"><img class=\"swiper-slide-image\" src=\"https:\/\/www.intal.be\/wp-content\/uploads\/2022\/03\/IMG_20220328_190109_621-300x200.jpg\" alt=\"Photos: Patricia Parga V. (2022)\" \/><\/figure><\/div><div class=\"swiper-slide\" role=\"group\" aria-roledescription=\"slide\" aria-label=\"3 of 16\"><figure class=\"swiper-slide-inner\"><img class=\"swiper-slide-image\" src=\"https:\/\/www.intal.be\/wp-content\/uploads\/2022\/03\/IMG_20220328_190111_854-300x200.jpg\" alt=\"Photos: Patricia Parga V. (2022)\" \/><\/figure><\/div><div class=\"swiper-slide\" role=\"group\" aria-roledescription=\"slide\" aria-label=\"4 of 16\"><figure class=\"swiper-slide-inner\"><img class=\"swiper-slide-image\" src=\"https:\/\/www.intal.be\/wp-content\/uploads\/2022\/03\/IMG_20220328_190114_832-300x200.jpg\" alt=\"Photos: Patricia Parga V. (2022)\" \/><\/figure><\/div><div class=\"swiper-slide\" role=\"group\" aria-roledescription=\"slide\" aria-label=\"5 of 16\"><figure class=\"swiper-slide-inner\"><img class=\"swiper-slide-image\" src=\"https:\/\/www.intal.be\/wp-content\/uploads\/2022\/03\/IMG_20220328_190117_158-300x200.jpg\" alt=\"Photos: Patricia Parga V. (2022)\" \/><\/figure><\/div><div class=\"swiper-slide\" role=\"group\" aria-roledescription=\"slide\" aria-label=\"6 of 16\"><figure class=\"swiper-slide-inner\"><img class=\"swiper-slide-image\" src=\"https:\/\/www.intal.be\/wp-content\/uploads\/2022\/03\/IMG_20220328_190119_306-300x200.jpg\" alt=\"Photos: Patricia Parga V. (2022)\" \/><\/figure><\/div><div class=\"swiper-slide\" role=\"group\" aria-roledescription=\"slide\" aria-label=\"7 of 16\"><figure class=\"swiper-slide-inner\"><img class=\"swiper-slide-image\" src=\"https:\/\/www.intal.be\/wp-content\/uploads\/2022\/03\/IMG_20220328_190121_680-300x200.jpg\" alt=\"Photos: Patricia Parga V. (2022)\" \/><\/figure><\/div><div class=\"swiper-slide\" role=\"group\" aria-roledescription=\"slide\" aria-label=\"8 of 16\"><figure class=\"swiper-slide-inner\"><img class=\"swiper-slide-image\" src=\"https:\/\/www.intal.be\/wp-content\/uploads\/2022\/03\/IMG_20220328_190125_725-300x200.jpg\" alt=\"Photos: Patricia Parga V. (2022)\" \/><\/figure><\/div><div class=\"swiper-slide\" role=\"group\" aria-roledescription=\"slide\" aria-label=\"9 of 16\"><figure class=\"swiper-slide-inner\"><img class=\"swiper-slide-image\" src=\"https:\/\/www.intal.be\/wp-content\/uploads\/2022\/03\/IMG_20220328_190128_490-200x300.jpg\" alt=\"Photos: Patricia Parga V. (2022)\" \/><\/figure><\/div><div class=\"swiper-slide\" role=\"group\" aria-roledescription=\"slide\" aria-label=\"10 of 16\"><figure class=\"swiper-slide-inner\"><img class=\"swiper-slide-image\" src=\"https:\/\/www.intal.be\/wp-content\/uploads\/2022\/03\/IMG_20220328_190130_769-200x300.jpg\" alt=\"Photos: Patricia Parga V. (2022)\" \/><\/figure><\/div><div class=\"swiper-slide\" role=\"group\" aria-roledescription=\"slide\" aria-label=\"11 of 16\"><figure class=\"swiper-slide-inner\"><img class=\"swiper-slide-image\" src=\"https:\/\/www.intal.be\/wp-content\/uploads\/2022\/03\/IMG_20220328_190132_901-300x200.jpg\" alt=\"Photos: Patricia Parga V. (2022)\" \/><\/figure><\/div><div class=\"swiper-slide\" role=\"group\" aria-roledescription=\"slide\" aria-label=\"12 of 16\"><figure class=\"swiper-slide-inner\"><img class=\"swiper-slide-image\" src=\"https:\/\/www.intal.be\/wp-content\/uploads\/2022\/03\/IMG_20220328_190135_188-300x200.jpg\" alt=\"Photos: Patricia Parga V. (2022)\" \/><\/figure><\/div><div class=\"swiper-slide\" role=\"group\" aria-roledescription=\"slide\" aria-label=\"13 of 16\"><figure class=\"swiper-slide-inner\"><img class=\"swiper-slide-image\" src=\"https:\/\/www.intal.be\/wp-content\/uploads\/2022\/03\/IMG_20220328_190159_081-300x200.jpg\" alt=\"Photos: Patricia Parga V. (2022)\" \/><\/figure><\/div><div class=\"swiper-slide\" role=\"group\" aria-roledescription=\"slide\" aria-label=\"14 of 16\"><figure class=\"swiper-slide-inner\"><img class=\"swiper-slide-image\" src=\"https:\/\/www.intal.be\/wp-content\/uploads\/2022\/03\/IMG_20220328_190200_930-300x200.jpg\" alt=\"Photos: Patricia Parga V. (2022)\" \/><\/figure><\/div><div class=\"swiper-slide\" role=\"group\" aria-roledescription=\"slide\" aria-label=\"15 of 16\"><figure class=\"swiper-slide-inner\"><img class=\"swiper-slide-image\" src=\"https:\/\/www.intal.be\/wp-content\/uploads\/2022\/03\/IMG_20220328_190206_072-300x200.jpg\" alt=\"Photos: Patricia Parga V. (2022)\" \/><\/figure><\/div><div class=\"swiper-slide\" role=\"group\" aria-roledescription=\"slide\" aria-label=\"16 of 16\"><figure class=\"swiper-slide-inner\"><img class=\"swiper-slide-image\" src=\"https:\/\/www.intal.be\/wp-content\/uploads\/2022\/03\/IMG_20220328_190208_289-200x300.jpg\" alt=\"Photos: Patricia Parga V. (2022)\" \/><\/figure><\/div>\t\t\t<\/div>\n\t\t\t\t\t\t\t\t\t\t\t\t<div class=\"elementor-swiper-button elementor-swiper-button-prev\" role=\"button\" tabindex=\"0\">\n\t\t\t\t\t\t<i aria-hidden=\"true\" class=\"eicon-chevron-left\"><\/i>\t\t\t\t\t<\/div>\n\t\t\t\t\t<div class=\"elementor-swiper-button elementor-swiper-button-next\" role=\"button\" tabindex=\"0\">\n\t\t\t\t\t\t<i aria-hidden=\"true\" class=\"eicon-chevron-right\"><\/i>\t\t\t\t\t<\/div>\n\t\t\t\t\n\t\t\t\t\t\t\t\t\t<div class=\"swiper-pagination\"><\/div>\n\t\t\t\t\t\t\t\t\t<\/div>\n\t\t\t\t<\/div>\n\t\t\t\t<\/div>\n\t\t\t\t\t<\/div>\n\t\t<\/div>\n\t\t\t\t\t\t\t<\/div>\n\t\t<\/section>\n\t\t\t\t\t\t\t<\/div>\n\t\t","protected":false},"excerpt":{"rendered":"<p>De oorlog in Oekra\u00efne woedt ondertussen al 4 weken. Iedere dag dat de oorlog verder gaat is er \u00e9\u00e9n teveel. We waren met duizenden voorbije zondag 27 maart in Brussel, met meer dan 90 organisaties uit het brede middenveld met een duidelijk boodschap: Stop de oorlog! Stop het militaire opbod! We waren verenigd rond 8 [&hellip;]<\/p>\n","protected":false},"author":3,"featured_media":3732,"comment_status":"closed","ping_status":"open","sticky":false,"template":"","format":"standard","meta":[],"categories":[28],"tags":[],"campagnes":[],"_links":{"self":[{"href":"https:\/\/www.intal.be\/nl\/wp-json\/wp\/v2\/posts\/3728"}],"collection":[{"href":"https:\/\/www.intal.be\/nl\/wp-json\/wp\/v2\/posts"}],"about":[{"href":"https:\/\/www.intal.be\/nl\/wp-json\/wp\/v2\/types\/post"}],"author":[{"embeddable":true,"href":"https:\/\/www.intal.be\/nl\/wp-json\/wp\/v2\/users\/3"}],"replies":[{"embeddable":true,"href":"https:\/\/www.intal.be\/nl\/wp-json\/wp\/v2\/comments?post=3728"}],"version-history":[{"count":6,"href":"https:\/\/www.intal.be\/nl\/wp-json\/wp\/v2\/posts\/3728\/revisions"}],"predecessor-version":[{"id":3991,"href":"https:\/\/www.intal.be\/nl\/wp-json\/wp\/v2\/posts\/3728\/revisions\/3991"}],"wp:featuredmedia":[{"embeddable":true,"href":"https:\/\/www.intal.be\/nl\/wp-json\/wp\/v2\/media\/3732"}],"wp:attachment":[{"href":"https:\/\/www.intal.be\/nl\/wp-json\/wp\/v2\/media?parent=3728"}],"wp:term":[{"taxonomy":"category","embeddable":true,"href":"https:\/\/www.intal.be\/nl\/wp-json\/wp\/v2\/categories?post=3728"},{"taxonomy":"post_tag","embeddable":true,"href":"https:\/\/www.intal.be\/nl\/wp-json\/wp\/v2\/tags?post=3728"},{"taxonomy":"campagnes","embeddable":true,"href":"https:\/\/www.intal.be\/nl\/wp-json\/wp\/v2\/campagnes?post=3728"}],"curies":[{"name":"wp","href":"https:\/\/api.w.org\/{rel}","templated":true}]}}